{"id":1320,"date":"2023-04-21T13:25:13","date_gmt":"2023-04-21T19:25:13","guid":{"rendered":"https:\/\/mmatt.mx\/?p=1320"},"modified":"2023-07-13T13:48:17","modified_gmt":"2023-07-13T19:48:17","slug":"6-maneras-en-que-la-arquitectura-puede-combatir-la-desigualdad","status":"publish","type":"post","link":"https:\/\/mmatt.mx\/en\/6-maneras-en-que-la-arquitectura-puede-combatir-la-desigualdad\/","title":{"rendered":"6 maneras en que la arquitectura puede combatir la desigualdad"},"content":{"rendered":"<p>Una de las ideolog\u00edas m\u00e1s importantes dentro de la arquitectura es la que busca reducir la desigualdad. \u00bfC\u00f3mo un edificio o una estructura pueden cambiar una comunidad? A continuaci\u00f3n te presentamos 6 maneras en las cuales los arquitectos podemos construir una sociedad donde todos puedan participar.<\/p>\n\n\n\n<h2 class=\"wp-block-heading\">Accesibilidad <\/h2>\n\n\n\n<p>Dise\u00f1ar edificios y espacios p\u00fablicos que sean accesibles para personas con capacidades especiales f\u00edsicas o movilidad reducida. As\u00ed que al dise\u00f1ar se debe considerar el espacio para que todos puedan hacer uso del espacio. Las soluciones u opciones son rampas, barandales, se\u00f1alizaciones, ba\u00f1os accesibles y elevadores. <\/p>\n\n\n\n<h2 class=\"wp-block-heading\">Vivienda asequible<\/h2>\n\n\n\n<p>Se puede desempe\u00f1ar un papel clave en la creaci\u00f3n de viviendas asequibles para personas de bajos ingresos. Esto implica dise\u00f1ar viviendas eficientes y compactas que maximicen el uso del espacio, as\u00ed como utilizar materiales y t\u00e9cnicas de construcci\u00f3n econ\u00f3micas.<\/p>\n\n\n\n<p>Siempre contando en las necesidades b\u00e1sicas de las personas, como lo son sus necesidades f\u00edsicas, mentales y de esparci\u00f3n<\/p>\n\n\n\n<h2 class=\"wp-block-heading\">Espacios p\u00fablicos inclusivos<\/h2>\n\n\n\n<p>Existen n\u00famerosas evidencias de que espacios p\u00fablicos dise\u00f1ados para el uso y esparcimiento de cualquier individuo incentivan el crecimiento del \u00e1rea. Estos espacios deben ser abiertos, que brinden un refugio ante el clima y que sean de f\u00e1cil acceso. As\u00ed por ejemplo un parque puede hacer que una comunidad crezca de manera positiva.<\/p>\n\n\n\n<h2 class=\"wp-block-heading\">Regeneraci\u00f3n urbana<\/h2>\n\n\n\n<p>Regenear \u00e1reas urbanas degradadas o marginadas es redise\u00f1ar y revitalizar estas \u00e1reas. Buscando mejorar la calidad de vida de las personas que viven all\u00ed, brindando oportunidades para el empleo, la educaci\u00f3n, el comercio y el acceso a servicios b\u00e1sicos.<\/p>\n\n\n\n<h2 class=\"wp-block-heading\">Dise\u00f1o participativo<\/h2>\n\n\n\n<p>Involucrar a las comunidades y usuarios en el proceso de dise\u00f1o arquitect\u00f3nico puede ayudar a garantizar que las necesidades y preocupaciones de todas las personas sean tenidas en cuenta. El dise\u00f1o participativo permite a las personas influir en el desarrollo de su entorno, lo que puede conducir a soluciones m\u00e1s equitativas y sostenibles.<\/p>\n\n\n\n<h2 class=\"wp-block-heading\">Sostenibilidad<\/h2>\n\n\n\n<p>La arquitectura sostenible puede ayudar a reducir la desigualdad al minimizar el impacto ambiental y promover la equidad en el acceso a recursos naturales como el agua y la energ\u00eda. El dise\u00f1o de edificios con criterios de eficiencia energ\u00e9tica, el uso de materiales sostenibles y la implementaci\u00f3n de sistemas de energ\u00eda renovable pueden contribuir a la mitigaci\u00f3n del cambio clim\u00e1tico y mejorar la calidad de vida de todas las personas.<\/p>\n\n\n\n<p>En general, la arquitectura inclusiva, asequible, sostenible y participativa puede desempe\u00f1ar un papel fundamental en la reducci\u00f3n de la desigualdad al crear entornos que promuevan la igualdad de oportunidades y mejoren la calidad de vida para todas las personas.<\/p>\n\n\n\n<p>En MMATT Arquitectos este es un tema que nos concierne, as\u00ed que te aseguramos que cuando trabajes con nosotros siempre vamos a buscar darle un espacio a tu proyecto para que este lo pueda disfrutar cualquier persona sin importar sus condiciones.<\/p>","protected":false},"excerpt":{"rendered":"<p>Una de las ideolog\u00edas m\u00e1s importantes dentro de la arquitectura es la que busca reducir la desigualdad. \u00bfC\u00f3mo un edificio o una estructura pueden cambiar una comunidad? A continuaci\u00f3n te presentamos 6 maneras en las cuales los arquitectos podemos construir una sociedad donde todos puedan participar. Accesibilidad Dise\u00f1ar edificios y espacios p\u00fablicos que sean accesibles &hellip; <\/p>","protected":false},"author":2,"featured_media":1321,"comment_status":"open","ping_status":"open","sticky":false,"template":"","format":"standard","meta":{"footnotes":""},"categories":[42,68],"tags":[],"class_list":["post-1320","post","type-post","status-publish","format-standard","has-post-thumbnail","hentry","category-arquitectura","category-diseno"],"_links":{"self":[{"href":"https:\/\/mmatt.mx\/en\/wp-json\/wp\/v2\/posts\/1320","targetHints":{"allow":["GET"]}}],"collection":[{"href":"https:\/\/mmatt.mx\/en\/wp-json\/wp\/v2\/posts"}],"about":[{"href":"https:\/\/mmatt.mx\/en\/wp-json\/wp\/v2\/types\/post"}],"author":[{"embeddable":true,"href":"https:\/\/mmatt.mx\/en\/wp-json\/wp\/v2\/users\/2"}],"replies":[{"embeddable":true,"href":"https:\/\/mmatt.mx\/en\/wp-json\/wp\/v2\/comments?post=1320"}],"version-history":[{"count":1,"href":"https:\/\/mmatt.mx\/en\/wp-json\/wp\/v2\/posts\/1320\/revisions"}],"predecessor-version":[{"id":1322,"href":"https:\/\/mmatt.mx\/en\/wp-json\/wp\/v2\/posts\/1320\/revisions\/1322"}],"wp:featuredmedia":[{"embeddable":true,"href":"https:\/\/mmatt.mx\/en\/wp-json\/wp\/v2\/media\/1321"}],"wp:attachment":[{"href":"https:\/\/mmatt.mx\/en\/wp-json\/wp\/v2\/media?parent=1320"}],"wp:term":[{"taxonomy":"category","embeddable":true,"href":"https:\/\/mmatt.mx\/en\/wp-json\/wp\/v2\/categories?post=1320"},{"taxonomy":"post_tag","embeddable":true,"href":"https:\/\/mmatt.mx\/en\/wp-json\/wp\/v2\/tags?post=1320"}],"curies":[{"name":"wp","href":"https:\/\/api.w.org\/{rel}","templated":true}]}}